{"id":175,"date":"2015-04-24T15:30:12","date_gmt":"2015-04-24T13:30:12","guid":{"rendered":"https:\/\/www.eurotabaco.es\/blog\/?p=175"},"modified":"2015-04-24T11:13:22","modified_gmt":"2015-04-24T09:13:22","slug":"mejoramos-nuestros-precios-de-envio","status":"publish","type":"post","link":"https:\/\/www.eurotabaco.es\/blog\/2015\/eurotabaco\/mejoramos-nuestros-precios-de-envio\/","title":{"rendered":"Mejoramos nuestros precios de env\u00edo"},"content":{"rendered":"<h4 style=\"text-align: justify;\">En Eurotabaco queremos que tus compras te lleguen <strong>lo m\u00e1s r\u00e1pido posible y al mejor precio<\/strong>. Por esta raz\u00f3n hemos <strong>mejorado nuestro sistema de env\u00edos<\/strong> para reducir los costes.<\/h4>\n<div id=\"attachment_185\" style=\"width: 510px\" class=\"wp-caption aligncenter\"><a href=\"https:\/\/www.eurotabaco.es\/blog\/wp-content\/uploads\/2015\/04\/Tabla-precios-de-env\u00edo.png\" target=\"_blank\"><img aria-describedby=\"caption-attachment-185\" loading=\"lazy\" class=\"wp-image-185\" title=\"Tabla precios de env\u00edo\" src=\"https:\/\/www.eurotabaco.es\/blog\/wp-content\/uploads\/2015\/04\/Tabla-precios-de-env\u00edo-1024x256.png\" alt=\"Tabla precios de env\u00edo\" width=\"500\" height=\"125\" srcset=\"https:\/\/www.eurotabaco.es\/blog\/wp-content\/uploads\/2015\/04\/Tabla-precios-de-env\u00edo-1024x256.png 1024w, https:\/\/www.eurotabaco.es\/blog\/wp-content\/uploads\/2015\/04\/Tabla-precios-de-env\u00edo-350x88.png 350w, https:\/\/www.eurotabaco.es\/blog\/wp-content\/uploads\/2015\/04\/Tabla-precios-de-envio.png 1227w\" sizes=\"(max-width: 500px) 100vw, 500px\" \/><\/a><p id=\"caption-attachment-185\" class=\"wp-caption-text\">Tabla precios de env\u00edo<\/p><\/div>\n<p style=\"text-align: justify;\">Para <strong>env\u00edos nacionales<\/strong> (en pen\u00ednsula), tenemos disponibles dos tarifas: <strong>24h<\/strong> y <strong>48-72h<\/strong>. El env\u00edo en 24 horas tiene un coste de 6\u20ac mientras que el de 48-72 horas tiene un coste de 5\u20ac.<\/p>\n<p style=\"text-align: justify;\">Para los env\u00edos a las <strong>Islas Baleares<\/strong>, tenemos disponible un servicio <strong>24-48 horas<\/strong> por 7\u20ac.<\/p>\n<p style=\"text-align: justify;\">Y en el caso de pa\u00edses extranjeros (<strong>Reino Unido<\/strong>, <strong>B\u00e9lgica<\/strong>, <strong>Holanda<\/strong>, <strong>Luxemburgo<\/strong>, <strong>Alemania<\/strong> e <strong>Italia<\/strong>) el env\u00edo ser\u00e1 en <strong>72-96 horas<\/strong> y el coste del mismo ser\u00e1 17\u20ac.<\/p>\n<p>Adem\u00e1s, tambi\u00e9n puedes <strong>aprovechar nuestras promociones de \u201cEnv\u00edo gratis\u201d<\/strong>. Si quieres que te informemos de cu\u00e1ndo est\u00e1n vigentes, ap\u00fantate a nuestro newsletter.<\/p>\n<p><!-- Begin MailChimp Signup Form --><\/p>\n<div id=\"mc_embed_signup\" style=\"width: 70%; margin: 0px auto;\">\n<form id=\"mc-embedded-subscribe-form\" class=\"validate\" action=\"\/\/facebook.us4.list-manage.com\/subscribe\/post?u=94ab8cab84722a85b72196f26&amp;id=bb88e94f25\" method=\"post\" name=\"mc-embedded-subscribe-form\" novalidate=\"\" target=\"_blank\">\n<div id=\"mc_embed_signup_scroll\">\n<h2>\u00a1Ap\u00fantate! &#8211; Subscribe!<\/h2>\n<div class=\"indicates-required\"><span class=\"asterisk\">*<\/span> indicates required<\/div>\n<div class=\"mc-field-group\"><label for=\"mce-EMAIL\">Email *<br \/>\n<\/label><br \/>\n<input id=\"mce-EMAIL\" class=\"required email\" name=\"EMAIL\" type=\"email\" value=\"\" \/><\/div>\n<div class=\"mc-field-group\"><label for=\"mce-FNAME\">Nombre \/ Name*<br \/>\n<\/label><br \/>\n<input id=\"mce-FNAME\" class=\"required\" name=\"FNAME\" type=\"text\" value=\"\" \/><\/div>\n<div class=\"mc-field-group\"><label for=\"mce-LNAME\">Apellido \/ Surname <\/label><br \/>\n<input id=\"mce-LNAME\" class=\"\" name=\"LNAME\" type=\"text\" value=\"\" \/><\/div>\n<div class=\"mc-field-group input-group\"><strong>Idioma \/ Language*<br \/>\n<\/strong><\/div>\n<\/div>\n<ul>\n<li><input id=\"mce-MMERGE3-0\" name=\"MMERGE3\" type=\"radio\" value=\"Espa\u00f1ol\" \/><label for=\"mce-MMERGE3-0\">Espa\u00f1ol<\/label><\/li>\n<li><input id=\"mce-MMERGE3-1\" name=\"MMERGE3\" type=\"radio\" value=\"English\" \/><label for=\"mce-MMERGE3-1\">English<\/label><\/li>\n<\/ul>\n<div id=\"mce-responses\" class=\"clear\"><\/div>\n<p><!-- real people should not fill this in and expect good things - do not remove this or risk form bot signups--><\/p>\n<div style=\"position: absolute; left: -5000px;\"><input tabindex=\"-1\" name=\"b_94ab8cab84722a85b72196f26_bb88e94f25\" type=\"text\" value=\"\" \/><\/div>\n<div class=\"clear\"><input id=\"mc-embedded-subscribe\" class=\"button\" name=\"subscribe\" type=\"submit\" value=\"Ok\" \/><\/div>\n<\/form>\n<\/div>\n<p><!--End mc_embed_signup--><\/p>\n","protected":false},"excerpt":{"rendered":"<p>En Eurotabaco queremos que tus compras te lleguen lo m\u00e1s r\u00e1pido posible y al mejor precio. Por esta raz\u00f3n hemos mejorado nuestro sistema de env\u00edos para reducir los costes. Para env\u00edos nacionales (en pen\u00ednsula), tenemos disponibles dos tarifas: 24h y 48-72h. El env\u00edo en 24 horas tiene un coste de 6\u20ac mientras que el de 48-72 horas tiene un coste de 5\u20ac. Para los env\u00edos a las Islas Baleares, tenemos disponible un<span class=\"continue\"> &hellip; <a href=\"https:\/\/www.eurotabaco.es\/blog\/2015\/eurotabaco\/mejoramos-nuestros-precios-de-envio\/\">Continuar leyendo <span class=\"meta-nav\">&rarr;<\/span><\/a><\/span><\/p>\n","protected":false},"author":1,"featured_media":185,"comment_status":"open","ping_status":"open","sticky":false,"template":"","format":"standard","meta":[],"categories":[5],"tags":[],"yoast_head":"<!-- This site is optimized with the Yoast SEO plugin v14.9 - https:\/\/yoast.com\/wordpress\/plugins\/seo\/ -->\n<meta name=\"robots\" content=\"index, follow, max-snippet:-1, max-image-preview:large, max-video-preview:-1\" \/>\n<link rel=\"canonical\" href=\"https:\/\/www.eurotabaco.es\/blog\/2015\/eurotabaco\/mejoramos-nuestros-precios-de-envio\/\" \/>\n<meta property=\"og:locale\" content=\"es_ES\" \/>\n<meta property=\"og:type\" content=\"article\" \/>\n<meta property=\"og:title\" content=\"Mejoramos nuestros precios de env\u00edo - Eurotabaco Blog\" \/>\n<meta property=\"og:description\" content=\"En Eurotabaco queremos que tus compras te lleguen lo m\u00e1s r\u00e1pido posible y al mejor precio. Por esta raz\u00f3n hemos mejorado nuestro sistema de env\u00edos para reducir los costes. Para env\u00edos nacionales (en pen\u00ednsula), tenemos disponibles dos tarifas: 24h y 48-72h. El env\u00edo en 24 horas tiene un coste de 6\u20ac mientras que el de 48-72 horas tiene un coste de 5\u20ac. Para los env\u00edos a las Islas Baleares, tenemos disponible un &hellip; Continuar leyendo &rarr;\" \/>\n<meta property=\"og:url\" content=\"https:\/\/www.eurotabaco.es\/blog\/2015\/eurotabaco\/mejoramos-nuestros-precios-de-envio\/\" \/>\n<meta property=\"og:site_name\" content=\"Eurotabaco Blog\" \/>\n<meta property=\"article:published_time\" content=\"2015-04-24T13:30:12+00:00\" \/>\n<meta property=\"article:modified_time\" content=\"2015-04-24T09:13:22+00:00\" \/>\n<meta property=\"og:image\" content=\"https:\/\/www.eurotabaco.es\/blog\/wp-content\/uploads\/2015\/04\/Tabla-precios-de-env\u00edo-713x307.png\" \/>\n\t<meta property=\"og:image:width\" content=\"1227\" \/>\n\t<meta property=\"og:image:height\" content=\"307\" \/>\n<meta name=\"twitter:card\" content=\"summary_large_image\" \/>\n<script type=\"application\/ld+json\" class=\"yoast-schema-graph\">{\"@context\":\"https:\/\/schema.org\",\"@graph\":[{\"@type\":\"WebSite\",\"@id\":\"https:\/\/www.eurotabaco.es\/blog\/#website\",\"url\":\"https:\/\/www.eurotabaco.es\/blog\/\",\"name\":\"Eurotabaco Blog\",\"description\":\"Productos nuevos, consejos y curiosidades en Eurotabaco.es\",\"potentialAction\":[{\"@type\":\"SearchAction\",\"target\":\"https:\/\/www.eurotabaco.es\/blog\/?s={search_term_string}\",\"query-input\":\"required name=search_term_string\"}],\"inLanguage\":\"es\"},{\"@type\":\"ImageObject\",\"@id\":\"https:\/\/www.eurotabaco.es\/blog\/2015\/eurotabaco\/mejoramos-nuestros-precios-de-envio\/#primaryimage\",\"inLanguage\":\"es\",\"url\":\"https:\/\/www.eurotabaco.es\/blog\/wp-content\/uploads\/2015\/04\/Tabla-precios-de-env\\u00edo-713x307.png\",\"width\":1227,\"height\":307,\"caption\":\"Tabla precios de env\\u00edo\"},{\"@type\":\"WebPage\",\"@id\":\"https:\/\/www.eurotabaco.es\/blog\/2015\/eurotabaco\/mejoramos-nuestros-precios-de-envio\/#webpage\",\"url\":\"https:\/\/www.eurotabaco.es\/blog\/2015\/eurotabaco\/mejoramos-nuestros-precios-de-envio\/\",\"name\":\"Mejoramos nuestros precios de env\\u00edo - Eurotabaco Blog\",\"isPartOf\":{\"@id\":\"https:\/\/www.eurotabaco.es\/blog\/#website\"},\"primaryImageOfPage\":{\"@id\":\"https:\/\/www.eurotabaco.es\/blog\/2015\/eurotabaco\/mejoramos-nuestros-precios-de-envio\/#primaryimage\"},\"datePublished\":\"2015-04-24T13:30:12+00:00\",\"dateModified\":\"2015-04-24T09:13:22+00:00\",\"author\":{\"@id\":\"https:\/\/www.eurotabaco.es\/blog\/#\/schema\/person\/cbd9e6cf4b519b289dcc2c5b4af027fd\"},\"inLanguage\":\"es\",\"potentialAction\":[{\"@type\":\"ReadAction\",\"target\":[\"https:\/\/www.eurotabaco.es\/blog\/2015\/eurotabaco\/mejoramos-nuestros-precios-de-envio\/\"]}]},{\"@type\":\"Person\",\"@id\":\"https:\/\/www.eurotabaco.es\/blog\/#\/schema\/person\/cbd9e6cf4b519b289dcc2c5b4af027fd\",\"name\":\"Marina - Eurotabaco Team\",\"image\":{\"@type\":\"ImageObject\",\"@id\":\"https:\/\/www.eurotabaco.es\/blog\/#personlogo\",\"inLanguage\":\"es\",\"url\":\"https:\/\/secure.gravatar.com\/avatar\/e194e205a8be91ee62dea2236c25ea47?s=96&d=mm&r=g\",\"caption\":\"Marina - Eurotabaco Team\"}}]}<\/script>\n<!-- \/ Yoast SEO plugin. -->","_links":{"self":[{"href":"https:\/\/www.eurotabaco.es\/blog\/wp-json\/wp\/v2\/posts\/175"}],"collection":[{"href":"https:\/\/www.eurotabaco.es\/blog\/wp-json\/wp\/v2\/posts"}],"about":[{"href":"https:\/\/www.eurotabaco.es\/blog\/wp-json\/wp\/v2\/types\/post"}],"author":[{"embeddable":true,"href":"https:\/\/www.eurotabaco.es\/blog\/wp-json\/wp\/v2\/users\/1"}],"replies":[{"embeddable":true,"href":"https:\/\/www.eurotabaco.es\/blog\/wp-json\/wp\/v2\/comments?post=175"}],"version-history":[{"count":12,"href":"https:\/\/www.eurotabaco.es\/blog\/wp-json\/wp\/v2\/posts\/175\/revisions"}],"predecessor-version":[{"id":188,"href":"https:\/\/www.eurotabaco.es\/blog\/wp-json\/wp\/v2\/posts\/175\/revisions\/188"}],"wp:featuredmedia":[{"embeddable":true,"href":"https:\/\/www.eurotabaco.es\/blog\/wp-json\/wp\/v2\/media\/185"}],"wp:attachment":[{"href":"https:\/\/www.eurotabaco.es\/blog\/wp-json\/wp\/v2\/media?parent=175"}],"wp:term":[{"taxonomy":"category","embeddable":true,"href":"https:\/\/www.eurotabaco.es\/blog\/wp-json\/wp\/v2\/categories?post=175"},{"taxonomy":"post_tag","embeddable":true,"href":"https:\/\/www.eurotabaco.es\/blog\/wp-json\/wp\/v2\/tags?post=175"}],"curies":[{"name":"wp","href":"https:\/\/api.w.org\/{rel}","templated":true}]}}