{"id":465,"date":"2016-01-22T17:59:25","date_gmt":"2016-01-22T16:59:25","guid":{"rendered":"https:\/\/www.eurotabaco.es\/blog\/?p=465"},"modified":"2016-01-28T17:06:03","modified_gmt":"2016-01-28T16:06:03","slug":"nuestro-blog-ya-tiene-un-ano","status":"publish","type":"post","link":"https:\/\/www.eurotabaco.es\/blog\/2016\/eurotabaco\/nuestro-blog-ya-tiene-un-ano\/","title":{"rendered":"\u00a1Nuestro blog ya tiene un a\u00f1o!"},"content":{"rendered":"<p style=\"text-align: justify;\">Qu\u00e9 r\u00e1pido pasa el tiempo. Ya hace un a\u00f1o desde nuestro primer post en el Blog de Eurotabaco y no pensamos parar.<\/p>\n<p style=\"text-align: justify;\"><a href=\"https:\/\/www.eurotabaco.es\/blog\/wp-content\/uploads\/2016\/01\/eurotabaco-blog.jpg\" target=\"_blank\"><img loading=\"lazy\" class=\"alignleft wp-image-466 size-medium\" title=\"Blog de Eurotabaco\" src=\"https:\/\/www.eurotabaco.es\/blog\/wp-content\/uploads\/2016\/01\/eurotabaco-blog-350x174.jpg\" alt=\"Blog de Eurotabaco\" width=\"350\" height=\"174\" srcset=\"https:\/\/www.eurotabaco.es\/blog\/wp-content\/uploads\/2016\/01\/eurotabaco-blog-350x174.jpg 350w, https:\/\/www.eurotabaco.es\/blog\/wp-content\/uploads\/2016\/01\/eurotabaco-blog.jpg 426w\" sizes=\"(max-width: 350px) 100vw, 350px\" \/><\/a><\/p>\n<p style=\"text-align: justify;\">Durante este tiempo hemos intentado ofrecer un contenido interesante y de calidad. Te hemos informado de las \u00faltimas promociones, de las novedades, te hemos explicado c\u00f3mo utilizar algunos de los productos que vendemos para darte la mayor cantidad de informaci\u00f3n posible. Queremos que puedas escoger los productos que compras con la seguridad de saber lo que est\u00e1s comprando.<\/p>\n<p style=\"text-align: justify;\">Os agradecemos a todos los que semana tras semana visit\u00e1is el blog para echar un vistazo a nuestras novedades. Si quieres\u00a0tienes\u00a0la opci\u00f3n de apuntarte\u00a0en nuestra lista de correo para recibir las novedades directamente en vuestro correo. Ve a la barra lateral y rellena el formulario.<\/p>\n<p style=\"text-align: justify;\">Y como lo m\u00e1s importante de nuestro blog sois los lectores y queremos ofreceros los contenidos que m\u00e1s os interesan, te preguntamos:<\/p>\n<p style=\"text-align: justify;\">\u00bfQu\u00e9 contenidos te gustar\u00eda encontrar en nuestro blog? \u00bfPrefieres alguna tem\u00e1tica en especial?<\/p>\n<p style=\"text-align: justify;\">\u00a1No te cortes y a\u00f1ade tu comentario para hacer que este blog siga creciendo!<\/p>\n","protected":false},"excerpt":{"rendered":"<p>Qu\u00e9 r\u00e1pido pasa el tiempo. Ya hace un a\u00f1o desde nuestro primer post en el Blog de Eurotabaco y no pensamos parar. Durante este tiempo hemos intentado ofrecer un contenido interesante y de calidad. Te hemos informado de las \u00faltimas promociones, de las novedades, te hemos explicado c\u00f3mo utilizar algunos de los productos que vendemos para darte la mayor cantidad de informaci\u00f3n posible. Queremos que puedas escoger los productos que compras con<span class=\"continue\"> &hellip; <a href=\"https:\/\/www.eurotabaco.es\/blog\/2016\/eurotabaco\/nuestro-blog-ya-tiene-un-ano\/\">Continuar leyendo <span class=\"meta-nav\">&rarr;<\/span><\/a><\/span><\/p>\n","protected":false},"author":1,"featured_media":466,"comment_status":"open","ping_status":"open","sticky":false,"template":"","format":"standard","meta":[],"categories":[5],"tags":[],"yoast_head":"<!-- This site is optimized with the Yoast SEO plugin v14.9 - https:\/\/yoast.com\/wordpress\/plugins\/seo\/ -->\n<meta name=\"robots\" content=\"index, follow, max-snippet:-1, max-image-preview:large, max-video-preview:-1\" \/>\n<link rel=\"canonical\" href=\"https:\/\/www.eurotabaco.es\/blog\/2016\/eurotabaco\/nuestro-blog-ya-tiene-un-ano\/\" \/>\n<meta property=\"og:locale\" content=\"es_ES\" \/>\n<meta property=\"og:type\" content=\"article\" \/>\n<meta property=\"og:title\" content=\"\u00a1Nuestro blog ya tiene un a\u00f1o! - Eurotabaco Blog\" \/>\n<meta property=\"og:description\" content=\"Qu\u00e9 r\u00e1pido pasa el tiempo. Ya hace un a\u00f1o desde nuestro primer post en el Blog de Eurotabaco y no pensamos parar. Durante este tiempo hemos intentado ofrecer un contenido interesante y de calidad. Te hemos informado de las \u00faltimas promociones, de las novedades, te hemos explicado c\u00f3mo utilizar algunos de los productos que vendemos para darte la mayor cantidad de informaci\u00f3n posible. Queremos que puedas escoger los productos que compras con &hellip; Continuar leyendo &rarr;\" \/>\n<meta property=\"og:url\" content=\"https:\/\/www.eurotabaco.es\/blog\/2016\/eurotabaco\/nuestro-blog-ya-tiene-un-ano\/\" \/>\n<meta property=\"og:site_name\" content=\"Eurotabaco Blog\" \/>\n<meta property=\"article:published_time\" content=\"2016-01-22T16:59:25+00:00\" \/>\n<meta property=\"article:modified_time\" content=\"2016-01-28T16:06:03+00:00\" \/>\n<meta property=\"og:image\" content=\"https:\/\/www.eurotabaco.es\/blog\/wp-content\/uploads\/2016\/01\/eurotabaco-blog.jpg\" \/>\n\t<meta property=\"og:image:width\" content=\"426\" \/>\n\t<meta property=\"og:image:height\" content=\"212\" \/>\n<meta name=\"twitter:card\" content=\"summary_large_image\" \/>\n<script type=\"application\/ld+json\" class=\"yoast-schema-graph\">{\"@context\":\"https:\/\/schema.org\",\"@graph\":[{\"@type\":\"WebSite\",\"@id\":\"https:\/\/www.eurotabaco.es\/blog\/#website\",\"url\":\"https:\/\/www.eurotabaco.es\/blog\/\",\"name\":\"Eurotabaco Blog\",\"description\":\"Productos nuevos, consejos y curiosidades en Eurotabaco.es\",\"potentialAction\":[{\"@type\":\"SearchAction\",\"target\":\"https:\/\/www.eurotabaco.es\/blog\/?s={search_term_string}\",\"query-input\":\"required name=search_term_string\"}],\"inLanguage\":\"es\"},{\"@type\":\"ImageObject\",\"@id\":\"https:\/\/www.eurotabaco.es\/blog\/2016\/eurotabaco\/nuestro-blog-ya-tiene-un-ano\/#primaryimage\",\"inLanguage\":\"es\",\"url\":\"https:\/\/www.eurotabaco.es\/blog\/wp-content\/uploads\/2016\/01\/eurotabaco-blog.jpg\",\"width\":426,\"height\":212,\"caption\":\"Eurotabaco Blog\"},{\"@type\":\"WebPage\",\"@id\":\"https:\/\/www.eurotabaco.es\/blog\/2016\/eurotabaco\/nuestro-blog-ya-tiene-un-ano\/#webpage\",\"url\":\"https:\/\/www.eurotabaco.es\/blog\/2016\/eurotabaco\/nuestro-blog-ya-tiene-un-ano\/\",\"name\":\"\\u00a1Nuestro blog ya tiene un a\\u00f1o! - Eurotabaco Blog\",\"isPartOf\":{\"@id\":\"https:\/\/www.eurotabaco.es\/blog\/#website\"},\"primaryImageOfPage\":{\"@id\":\"https:\/\/www.eurotabaco.es\/blog\/2016\/eurotabaco\/nuestro-blog-ya-tiene-un-ano\/#primaryimage\"},\"datePublished\":\"2016-01-22T16:59:25+00:00\",\"dateModified\":\"2016-01-28T16:06:03+00:00\",\"author\":{\"@id\":\"https:\/\/www.eurotabaco.es\/blog\/#\/schema\/person\/cbd9e6cf4b519b289dcc2c5b4af027fd\"},\"inLanguage\":\"es\",\"potentialAction\":[{\"@type\":\"ReadAction\",\"target\":[\"https:\/\/www.eurotabaco.es\/blog\/2016\/eurotabaco\/nuestro-blog-ya-tiene-un-ano\/\"]}]},{\"@type\":\"Person\",\"@id\":\"https:\/\/www.eurotabaco.es\/blog\/#\/schema\/person\/cbd9e6cf4b519b289dcc2c5b4af027fd\",\"name\":\"Marina - Eurotabaco Team\",\"image\":{\"@type\":\"ImageObject\",\"@id\":\"https:\/\/www.eurotabaco.es\/blog\/#personlogo\",\"inLanguage\":\"es\",\"url\":\"https:\/\/secure.gravatar.com\/avatar\/e194e205a8be91ee62dea2236c25ea47?s=96&d=mm&r=g\",\"caption\":\"Marina - Eurotabaco Team\"}}]}<\/script>\n<!-- \/ Yoast SEO plugin. -->","_links":{"self":[{"href":"https:\/\/www.eurotabaco.es\/blog\/wp-json\/wp\/v2\/posts\/465"}],"collection":[{"href":"https:\/\/www.eurotabaco.es\/blog\/wp-json\/wp\/v2\/posts"}],"about":[{"href":"https:\/\/www.eurotabaco.es\/blog\/wp-json\/wp\/v2\/types\/post"}],"author":[{"embeddable":true,"href":"https:\/\/www.eurotabaco.es\/blog\/wp-json\/wp\/v2\/users\/1"}],"replies":[{"embeddable":true,"href":"https:\/\/www.eurotabaco.es\/blog\/wp-json\/wp\/v2\/comments?post=465"}],"version-history":[{"count":2,"href":"https:\/\/www.eurotabaco.es\/blog\/wp-json\/wp\/v2\/posts\/465\/revisions"}],"predecessor-version":[{"id":468,"href":"https:\/\/www.eurotabaco.es\/blog\/wp-json\/wp\/v2\/posts\/465\/revisions\/468"}],"wp:featuredmedia":[{"embeddable":true,"href":"https:\/\/www.eurotabaco.es\/blog\/wp-json\/wp\/v2\/media\/466"}],"wp:attachment":[{"href":"https:\/\/www.eurotabaco.es\/blog\/wp-json\/wp\/v2\/media?parent=465"}],"wp:term":[{"taxonomy":"category","embeddable":true,"href":"https:\/\/www.eurotabaco.es\/blog\/wp-json\/wp\/v2\/categories?post=465"},{"taxonomy":"post_tag","embeddable":true,"href":"https:\/\/www.eurotabaco.es\/blog\/wp-json\/wp\/v2\/tags?post=465"}],"curies":[{"name":"wp","href":"https:\/\/api.w.org\/{rel}","templated":true}]}}