{"id":580,"date":"2016-07-15T14:00:18","date_gmt":"2016-07-15T12:00:18","guid":{"rendered":"https:\/\/www.eurotabaco.es\/blog\/?p=580"},"modified":"2018-09-07T16:09:33","modified_gmt":"2018-09-07T14:09:33","slug":"lista-de-precios-y-reservas","status":"publish","type":"post","link":"https:\/\/www.eurotabaco.es\/blog\/2016\/eurotabaco\/lista-de-precios-y-reservas\/","title":{"rendered":"Lista de precios y reservas"},"content":{"rendered":"<h4 style=\"text-align: justify;\">\u00bfNecesitas saber el precio de una marca de tabaco? \u00bfVas a comprar una cantidad grande de tabaco en nuestros estancos y quieres asegurar que est\u00e1 disponible?<\/h4>\n<div id=\"attachment_582\" style=\"width: 360px\" class=\"wp-caption alignleft\"><a href=\"https:\/\/www.eurotabaco.es\/blog\/wp-content\/uploads\/2016\/07\/precios-del-tabaco.png\" target=\"_blank\"><img aria-describedby=\"caption-attachment-582\" loading=\"lazy\" class=\"wp-image-582 size-medium\" title=\"Precios y reservas de tabaco en Eurotabaco\" src=\"https:\/\/www.eurotabaco.es\/blog\/wp-content\/uploads\/2016\/07\/precios-del-tabaco-350x289.png\" alt=\"Precios y reservas de tabaco en Eurotabaco\" width=\"350\" height=\"289\" srcset=\"https:\/\/www.eurotabaco.es\/blog\/wp-content\/uploads\/2016\/07\/precios-del-tabaco-350x289.png 350w, https:\/\/www.eurotabaco.es\/blog\/wp-content\/uploads\/2016\/07\/precios-del-tabaco-1024x845.png 1024w, https:\/\/www.eurotabaco.es\/blog\/wp-content\/uploads\/2016\/07\/precios-del-tabaco.png 1101w\" sizes=\"(max-width: 350px) 100vw, 350px\" \/><\/a><p id=\"caption-attachment-582\" class=\"wp-caption-text\">Precios y reservas de tabaco en Eurotabaco<\/p><\/div>\n<p>&nbsp;<\/p>\n<p style=\"text-align: justify;\">En la web de Eurotabaco podr\u00e1s consultar los precios de las 100 marcas m\u00e1s vendidas y realizar una reserva para recoger tu tabaco en nuestros estancos.<\/p>\n<p style=\"text-align: justify;\">En la secci\u00f3n \u201c<a title=\"Lista de precios del tabaco - Eurotabaco Benidorm\" href=\"https:\/\/www.eurotabaco.es\/es\/content\/9-precios-tabaco\" target=\"_blank\"><strong>Precios tabaco<\/strong><\/a>\u201d que encontrar\u00e1s en el men\u00fa de nuestra web, puedes consultar el listado. Los precios se actualizan peri\u00f3dicamente con los listados y cambios que se publican en el BOE. Si necesitas saber el precio de alg\u00fan producto que no aparece en el listado, no lo dudes y contacta con nosotros en <strong><a href=\"mailto:info@eurotabaco.es\">info@eurotabaco.es<\/a><\/strong>.<\/p>\n<p style=\"text-align: justify;\">Tambi\u00e9n podr\u00e1s hacer una <strong>reserva de tabaco<\/strong> si necesitas comprar una cantidad grande. As\u00ed lo tendr\u00e1s disponible para el d\u00eda que lo necesites.<\/p>\n<p style=\"text-align: justify;\">\u00a1Hasta la pr\u00f3xima!<\/p>\n","protected":false},"excerpt":{"rendered":"<p>\u00bfNecesitas saber el precio de una marca de tabaco? \u00bfVas a comprar una cantidad grande de tabaco en nuestros estancos y quieres asegurar que est\u00e1 disponible? &nbsp; En la web de Eurotabaco podr\u00e1s consultar los precios de las 100 marcas m\u00e1s vendidas y realizar una reserva para recoger tu tabaco en nuestros estancos. En la secci\u00f3n \u201cPrecios tabaco\u201d que encontrar\u00e1s en el men\u00fa de nuestra web, puedes consultar el listado. Los precios<span class=\"continue\"> &hellip; <a href=\"https:\/\/www.eurotabaco.es\/blog\/2016\/eurotabaco\/lista-de-precios-y-reservas\/\">Continuar leyendo <span class=\"meta-nav\">&rarr;<\/span><\/a><\/span><\/p>\n","protected":false},"author":1,"featured_media":582,"comment_status":"closed","ping_status":"open","sticky":false,"template":"","format":"standard","meta":[],"categories":[5],"tags":[],"yoast_head":"<!-- This site is optimized with the Yoast SEO plugin v14.9 - https:\/\/yoast.com\/wordpress\/plugins\/seo\/ -->\n<meta name=\"robots\" content=\"index, follow, max-snippet:-1, max-image-preview:large, max-video-preview:-1\" \/>\n<link rel=\"canonical\" href=\"https:\/\/www.eurotabaco.es\/blog\/2016\/eurotabaco\/lista-de-precios-y-reservas\/\" \/>\n<meta property=\"og:locale\" content=\"es_ES\" \/>\n<meta property=\"og:type\" content=\"article\" \/>\n<meta property=\"og:title\" content=\"Lista de precios y reservas - Eurotabaco Blog\" \/>\n<meta property=\"og:description\" content=\"\u00bfNecesitas saber el precio de una marca de tabaco? \u00bfVas a comprar una cantidad grande de tabaco en nuestros estancos y quieres asegurar que est\u00e1 disponible? &nbsp; En la web de Eurotabaco podr\u00e1s consultar los precios de las 100 marcas m\u00e1s vendidas y realizar una reserva para recoger tu tabaco en nuestros estancos. En la secci\u00f3n \u201cPrecios tabaco\u201d que encontrar\u00e1s en el men\u00fa de nuestra web, puedes consultar el listado. Los precios &hellip; Continuar leyendo &rarr;\" \/>\n<meta property=\"og:url\" content=\"https:\/\/www.eurotabaco.es\/blog\/2016\/eurotabaco\/lista-de-precios-y-reservas\/\" \/>\n<meta property=\"og:site_name\" content=\"Eurotabaco Blog\" \/>\n<meta property=\"article:published_time\" content=\"2016-07-15T12:00:18+00:00\" \/>\n<meta property=\"article:modified_time\" content=\"2018-09-07T14:09:33+00:00\" \/>\n<meta property=\"og:image\" content=\"https:\/\/www.eurotabaco.es\/blog\/wp-content\/uploads\/2016\/07\/precios-del-tabaco-713x713.png\" \/>\n\t<meta property=\"og:image:width\" content=\"1101\" \/>\n\t<meta property=\"og:image:height\" content=\"909\" \/>\n<meta name=\"twitter:card\" content=\"summary_large_image\" \/>\n<script type=\"application\/ld+json\" class=\"yoast-schema-graph\">{\"@context\":\"https:\/\/schema.org\",\"@graph\":[{\"@type\":\"WebSite\",\"@id\":\"https:\/\/www.eurotabaco.es\/blog\/#website\",\"url\":\"https:\/\/www.eurotabaco.es\/blog\/\",\"name\":\"Eurotabaco Blog\",\"description\":\"Productos nuevos, consejos y curiosidades en Eurotabaco.es\",\"potentialAction\":[{\"@type\":\"SearchAction\",\"target\":\"https:\/\/www.eurotabaco.es\/blog\/?s={search_term_string}\",\"query-input\":\"required name=search_term_string\"}],\"inLanguage\":\"es\"},{\"@type\":\"ImageObject\",\"@id\":\"https:\/\/www.eurotabaco.es\/blog\/2016\/eurotabaco\/lista-de-precios-y-reservas\/#primaryimage\",\"inLanguage\":\"es\",\"url\":\"https:\/\/www.eurotabaco.es\/blog\/wp-content\/uploads\/2016\/07\/precios-del-tabaco-713x713.png\",\"width\":1101,\"height\":909,\"caption\":\"Precios y reservas de tabaco en Eurotabaco\"},{\"@type\":\"WebPage\",\"@id\":\"https:\/\/www.eurotabaco.es\/blog\/2016\/eurotabaco\/lista-de-precios-y-reservas\/#webpage\",\"url\":\"https:\/\/www.eurotabaco.es\/blog\/2016\/eurotabaco\/lista-de-precios-y-reservas\/\",\"name\":\"Lista de precios y reservas - Eurotabaco Blog\",\"isPartOf\":{\"@id\":\"https:\/\/www.eurotabaco.es\/blog\/#website\"},\"primaryImageOfPage\":{\"@id\":\"https:\/\/www.eurotabaco.es\/blog\/2016\/eurotabaco\/lista-de-precios-y-reservas\/#primaryimage\"},\"datePublished\":\"2016-07-15T12:00:18+00:00\",\"dateModified\":\"2018-09-07T14:09:33+00:00\",\"author\":{\"@id\":\"https:\/\/www.eurotabaco.es\/blog\/#\/schema\/person\/cbd9e6cf4b519b289dcc2c5b4af027fd\"},\"inLanguage\":\"es\",\"potentialAction\":[{\"@type\":\"ReadAction\",\"target\":[\"https:\/\/www.eurotabaco.es\/blog\/2016\/eurotabaco\/lista-de-precios-y-reservas\/\"]}]},{\"@type\":\"Person\",\"@id\":\"https:\/\/www.eurotabaco.es\/blog\/#\/schema\/person\/cbd9e6cf4b519b289dcc2c5b4af027fd\",\"name\":\"Marina - Eurotabaco Team\",\"image\":{\"@type\":\"ImageObject\",\"@id\":\"https:\/\/www.eurotabaco.es\/blog\/#personlogo\",\"inLanguage\":\"es\",\"url\":\"https:\/\/secure.gravatar.com\/avatar\/e194e205a8be91ee62dea2236c25ea47?s=96&d=mm&r=g\",\"caption\":\"Marina - Eurotabaco Team\"}}]}<\/script>\n<!-- \/ Yoast SEO plugin. -->","_links":{"self":[{"href":"https:\/\/www.eurotabaco.es\/blog\/wp-json\/wp\/v2\/posts\/580"}],"collection":[{"href":"https:\/\/www.eurotabaco.es\/blog\/wp-json\/wp\/v2\/posts"}],"about":[{"href":"https:\/\/www.eurotabaco.es\/blog\/wp-json\/wp\/v2\/types\/post"}],"author":[{"embeddable":true,"href":"https:\/\/www.eurotabaco.es\/blog\/wp-json\/wp\/v2\/users\/1"}],"replies":[{"embeddable":true,"href":"https:\/\/www.eurotabaco.es\/blog\/wp-json\/wp\/v2\/comments?post=580"}],"version-history":[{"count":1,"href":"https:\/\/www.eurotabaco.es\/blog\/wp-json\/wp\/v2\/posts\/580\/revisions"}],"predecessor-version":[{"id":584,"href":"https:\/\/www.eurotabaco.es\/blog\/wp-json\/wp\/v2\/posts\/580\/revisions\/584"}],"wp:featuredmedia":[{"embeddable":true,"href":"https:\/\/www.eurotabaco.es\/blog\/wp-json\/wp\/v2\/media\/582"}],"wp:attachment":[{"href":"https:\/\/www.eurotabaco.es\/blog\/wp-json\/wp\/v2\/media?parent=580"}],"wp:term":[{"taxonomy":"category","embeddable":true,"href":"https:\/\/www.eurotabaco.es\/blog\/wp-json\/wp\/v2\/categories?post=580"},{"taxonomy":"post_tag","embeddable":true,"href":"https:\/\/www.eurotabaco.es\/blog\/wp-json\/wp\/v2\/tags?post=580"}],"curies":[{"name":"wp","href":"https:\/\/api.w.org\/{rel}","templated":true}]}}