{"id":627,"date":"2017-02-03T17:49:25","date_gmt":"2017-02-03T16:49:25","guid":{"rendered":"https:\/\/www.eurotabaco.es\/blog\/?p=627"},"modified":"2020-01-03T17:14:48","modified_gmt":"2020-01-03T16:14:48","slug":"proximos-cambios-sobre-la-venta-de-tabaco","status":"publish","type":"post","link":"https:\/\/www.eurotabaco.es\/blog\/2017\/legislacion\/proximos-cambios-sobre-la-venta-de-tabaco\/","title":{"rendered":"Pr\u00f3ximos cambios sobre la venta de tabaco"},"content":{"rendered":"<h3 style=\"text-align: justify;\">Hace unos meses ya te cont\u00e1bamos el cambio en el empaquetado del tabaco en Espa\u00f1a y en casi todos los estancos ya se venden las cajetillas con el empaquetado gen\u00e9rico. Pero la Nueva Directiva de Productos del Tabaco no se queda ah\u00ed. Te damos todas las fechas y datos sobre esta directriz, aunque las fechas exactas podr\u00e1n cambiar finalmente.<\/h3>\n<div id=\"attachment_629\" style=\"width: 360px\" class=\"wp-caption alignleft\"><a href=\"https:\/\/www.eurotabaco.es\/blog\/wp-content\/uploads\/2017\/02\/Infografia-tu-tabaco-de-siempre.png\" target=\"_blank\" rel=\"noopener noreferrer\"><img aria-describedby=\"caption-attachment-629\" loading=\"lazy\" class=\"wp-image-629 size-medium\" title=\"Calendario con los cambios en la venta de tabaco\" src=\"https:\/\/www.eurotabaco.es\/blog\/wp-content\/uploads\/2017\/02\/Infografia-tu-tabaco-de-siempre-350x149.png\" alt=\"Calendario con los cambios en la venta de tabaco\" width=\"350\" height=\"149\" srcset=\"https:\/\/www.eurotabaco.es\/blog\/wp-content\/uploads\/2017\/02\/Infografia-tu-tabaco-de-siempre-350x149.png 350w, https:\/\/www.eurotabaco.es\/blog\/wp-content\/uploads\/2017\/02\/Infografia-tu-tabaco-de-siempre-1024x435.png 1024w, https:\/\/www.eurotabaco.es\/blog\/wp-content\/uploads\/2017\/02\/Infografia-tu-tabaco-de-siempre.png 1499w\" sizes=\"(max-width: 350px) 100vw, 350px\" \/><\/a><p id=\"caption-attachment-629\" class=\"wp-caption-text\">Pr\u00f3ximos cambios de la Nueva Directiva &#8211; Infograf\u00eda de www.tutabacodesiempre.com<\/p><\/div>\n<p style=\"text-align: justify;\"><strong>Desde el\u00a0 de Mayo de 2016<\/strong><\/p>\n<p style=\"text-align: justify;\">Como ya te anunciamos en su d\u00eda, desde el 26 de Mayo de 2016 se <strong>cambi\u00f3 el empaquetado<\/strong> del tabaco para aumentar el espacio dedicado a las advertencias sanitarias. Tambi\u00e9n han dejado de comercializarse cigarrillos y tabaco de picadura de sabores (excepto mentolados) o con aditivos (vitaminas, cafe\u00edna,\u2026).<\/p>\n<p style=\"text-align: justify;\"><strong>20 de Mayo de 2017<\/strong><\/p>\n<p style=\"text-align: justify;\">Dejar\u00e1n de poderse vender los paquetes de tabaco con el <strong>empaquetado anterior al 20 de Mayo de 2016<\/strong>.<\/p>\n<p style=\"text-align: justify;\"><strong>20 de Mayo de 2019<\/strong><\/p>\n<p style=\"text-align: justify;\">Se integrar\u00e1 un <strong>sistema de trazabilidad<\/strong> en las cajetillas de cigarrillos y tabaco de liar para poder saber por d\u00f3nde ha pasado desde su fabricaci\u00f3n hasta la venta en el estanco. Adem\u00e1s se incorporar\u00e1n medidas de seguridad visibles e invisibles para evitar el manipulado del tabaco tras su fabricaci\u00f3n.<\/p>\n<p style=\"text-align: justify;\"><strong>20 de Mayo de 2020<\/strong><\/p>\n<p style=\"text-align: justify;\">Si fumas tabaco mentolado esta fecha te interesa, ya que a partir de 2020 <strong>no se podr\u00e1 comprar tabaco mentolado<\/strong>.<\/p>\n<p style=\"text-align: justify;\"><strong>20 de Mayo de 2024<\/strong><\/p>\n<p style=\"text-align: justify;\">Se incorporar\u00e1 el <strong>sistema de trazabilidad<\/strong> y seguridad de las cajetillas de tabaco a los dem\u00e1s productos: tabaco de pipa, cigarros, cigarritos y tabaco para shisha.<\/p>\n<p style=\"text-align: justify;\">Como ves los cambios ya est\u00e1n programados y en Eurotabaco te seguiremos informando de todo lo que suceda con respecto a las normativas del tabaco.<\/p>\n<p style=\"text-align: justify;\">Si quieres ampliar la informaci\u00f3n, te recomendamos la web <strong>Tu tabaco de siempre<\/strong>, donde encontrar\u00e1s toda la informaci\u00f3n sobre estos cambios.<\/p>\n<p style=\"text-align: justify;\">\u00a1Hasta pronto!<\/p>\n","protected":false},"excerpt":{"rendered":"<p>Hace unos meses ya te cont\u00e1bamos el cambio en el empaquetado del tabaco en Espa\u00f1a y en casi todos los estancos ya se venden las cajetillas con el empaquetado gen\u00e9rico. Pero la Nueva Directiva de Productos del Tabaco no se queda ah\u00ed. Te damos todas las fechas y datos sobre esta directriz, aunque las fechas exactas podr\u00e1n cambiar finalmente. Desde el\u00a0 de Mayo de 2016 Como ya te anunciamos en su d\u00eda,<span class=\"continue\"> &hellip; <a href=\"https:\/\/www.eurotabaco.es\/blog\/2017\/legislacion\/proximos-cambios-sobre-la-venta-de-tabaco\/\">Continuar leyendo <span class=\"meta-nav\">&rarr;<\/span><\/a><\/span><\/p>\n","protected":false},"author":1,"featured_media":629,"comment_status":"closed","ping_status":"open","sticky":false,"template":"","format":"standard","meta":[],"categories":[35],"tags":[],"yoast_head":"<!-- This site is optimized with the Yoast SEO plugin v14.9 - https:\/\/yoast.com\/wordpress\/plugins\/seo\/ -->\n<meta name=\"robots\" content=\"index, follow, max-snippet:-1, max-image-preview:large, max-video-preview:-1\" \/>\n<link rel=\"canonical\" href=\"https:\/\/www.eurotabaco.es\/blog\/2017\/legislacion\/proximos-cambios-sobre-la-venta-de-tabaco\/\" \/>\n<meta property=\"og:locale\" content=\"es_ES\" \/>\n<meta property=\"og:type\" content=\"article\" \/>\n<meta property=\"og:title\" content=\"Pr\u00f3ximos cambios sobre la venta de tabaco - Eurotabaco Blog\" \/>\n<meta property=\"og:description\" content=\"Hace unos meses ya te cont\u00e1bamos el cambio en el empaquetado del tabaco en Espa\u00f1a y en casi todos los estancos ya se venden las cajetillas con el empaquetado gen\u00e9rico. Pero la Nueva Directiva de Productos del Tabaco no se queda ah\u00ed. Te damos todas las fechas y datos sobre esta directriz, aunque las fechas exactas podr\u00e1n cambiar finalmente. Desde el\u00a0 de Mayo de 2016 Como ya te anunciamos en su d\u00eda, &hellip; Continuar leyendo &rarr;\" \/>\n<meta property=\"og:url\" content=\"https:\/\/www.eurotabaco.es\/blog\/2017\/legislacion\/proximos-cambios-sobre-la-venta-de-tabaco\/\" \/>\n<meta property=\"og:site_name\" content=\"Eurotabaco Blog\" \/>\n<meta property=\"article:published_time\" content=\"2017-02-03T16:49:25+00:00\" \/>\n<meta property=\"article:modified_time\" content=\"2020-01-03T16:14:48+00:00\" \/>\n<meta property=\"og:image\" content=\"https:\/\/www.eurotabaco.es\/blog\/wp-content\/uploads\/2017\/02\/Infografia-tu-tabaco-de-siempre-713x637.png\" \/>\n\t<meta property=\"og:image:width\" content=\"1499\" \/>\n\t<meta property=\"og:image:height\" content=\"637\" \/>\n<meta name=\"twitter:card\" content=\"summary_large_image\" \/>\n<script type=\"application\/ld+json\" class=\"yoast-schema-graph\">{\"@context\":\"https:\/\/schema.org\",\"@graph\":[{\"@type\":\"WebSite\",\"@id\":\"https:\/\/www.eurotabaco.es\/blog\/#website\",\"url\":\"https:\/\/www.eurotabaco.es\/blog\/\",\"name\":\"Eurotabaco Blog\",\"description\":\"Productos nuevos, consejos y curiosidades en Eurotabaco.es\",\"potentialAction\":[{\"@type\":\"SearchAction\",\"target\":\"https:\/\/www.eurotabaco.es\/blog\/?s={search_term_string}\",\"query-input\":\"required name=search_term_string\"}],\"inLanguage\":\"es\"},{\"@type\":\"ImageObject\",\"@id\":\"https:\/\/www.eurotabaco.es\/blog\/2017\/legislacion\/proximos-cambios-sobre-la-venta-de-tabaco\/#primaryimage\",\"inLanguage\":\"es\",\"url\":\"https:\/\/www.eurotabaco.es\/blog\/wp-content\/uploads\/2017\/02\/Infografia-tu-tabaco-de-siempre-713x637.png\",\"width\":1499,\"height\":637,\"caption\":\"Next changes according to the New Rukes - Infographic from: www.tutabacodesiempre.com\"},{\"@type\":\"WebPage\",\"@id\":\"https:\/\/www.eurotabaco.es\/blog\/2017\/legislacion\/proximos-cambios-sobre-la-venta-de-tabaco\/#webpage\",\"url\":\"https:\/\/www.eurotabaco.es\/blog\/2017\/legislacion\/proximos-cambios-sobre-la-venta-de-tabaco\/\",\"name\":\"Pr\\u00f3ximos cambios sobre la venta de tabaco - Eurotabaco Blog\",\"isPartOf\":{\"@id\":\"https:\/\/www.eurotabaco.es\/blog\/#website\"},\"primaryImageOfPage\":{\"@id\":\"https:\/\/www.eurotabaco.es\/blog\/2017\/legislacion\/proximos-cambios-sobre-la-venta-de-tabaco\/#primaryimage\"},\"datePublished\":\"2017-02-03T16:49:25+00:00\",\"dateModified\":\"2020-01-03T16:14:48+00:00\",\"author\":{\"@id\":\"https:\/\/www.eurotabaco.es\/blog\/#\/schema\/person\/cbd9e6cf4b519b289dcc2c5b4af027fd\"},\"inLanguage\":\"es\",\"potentialAction\":[{\"@type\":\"ReadAction\",\"target\":[\"https:\/\/www.eurotabaco.es\/blog\/2017\/legislacion\/proximos-cambios-sobre-la-venta-de-tabaco\/\"]}]},{\"@type\":\"Person\",\"@id\":\"https:\/\/www.eurotabaco.es\/blog\/#\/schema\/person\/cbd9e6cf4b519b289dcc2c5b4af027fd\",\"name\":\"Marina - Eurotabaco Team\",\"image\":{\"@type\":\"ImageObject\",\"@id\":\"https:\/\/www.eurotabaco.es\/blog\/#personlogo\",\"inLanguage\":\"es\",\"url\":\"https:\/\/secure.gravatar.com\/avatar\/e194e205a8be91ee62dea2236c25ea47?s=96&d=mm&r=g\",\"caption\":\"Marina - Eurotabaco Team\"}}]}<\/script>\n<!-- \/ Yoast SEO plugin. -->","_links":{"self":[{"href":"https:\/\/www.eurotabaco.es\/blog\/wp-json\/wp\/v2\/posts\/627"}],"collection":[{"href":"https:\/\/www.eurotabaco.es\/blog\/wp-json\/wp\/v2\/posts"}],"about":[{"href":"https:\/\/www.eurotabaco.es\/blog\/wp-json\/wp\/v2\/types\/post"}],"author":[{"embeddable":true,"href":"https:\/\/www.eurotabaco.es\/blog\/wp-json\/wp\/v2\/users\/1"}],"replies":[{"embeddable":true,"href":"https:\/\/www.eurotabaco.es\/blog\/wp-json\/wp\/v2\/comments?post=627"}],"version-history":[{"count":3,"href":"https:\/\/www.eurotabaco.es\/blog\/wp-json\/wp\/v2\/posts\/627\/revisions"}],"predecessor-version":[{"id":1077,"href":"https:\/\/www.eurotabaco.es\/blog\/wp-json\/wp\/v2\/posts\/627\/revisions\/1077"}],"wp:featuredmedia":[{"embeddable":true,"href":"https:\/\/www.eurotabaco.es\/blog\/wp-json\/wp\/v2\/media\/629"}],"wp:attachment":[{"href":"https:\/\/www.eurotabaco.es\/blog\/wp-json\/wp\/v2\/media?parent=627"}],"wp:term":[{"taxonomy":"category","embeddable":true,"href":"https:\/\/www.eurotabaco.es\/blog\/wp-json\/wp\/v2\/categories?post=627"},{"taxonomy":"post_tag","embeddable":true,"href":"https:\/\/www.eurotabaco.es\/blog\/wp-json\/wp\/v2\/tags?post=627"}],"curies":[{"name":"wp","href":"https:\/\/api.w.org\/{rel}","templated":true}]}}