{"id":685,"date":"2018-01-05T10:00:40","date_gmt":"2018-01-05T09:00:40","guid":{"rendered":"https:\/\/www.eurotabaco.es\/blog\/?p=685"},"modified":"2018-09-07T16:09:32","modified_gmt":"2018-09-07T14:09:32","slug":"en-2018-bajamos-nuestros-precios-de-envio","status":"publish","type":"post","link":"https:\/\/www.eurotabaco.es\/blog\/2018\/eurotabaco\/en-2018-bajamos-nuestros-precios-de-envio\/","title":{"rendered":"\u00a1En 2018 bajamos nuestros precios de env\u00edo!"},"content":{"rendered":"<p style=\"text-align: justify;\"><a href=\"https:\/\/www.eurotabaco.es\/blog\/wp-content\/uploads\/2018\/01\/bajamos-gastos-envio.jpg\"><img loading=\"lazy\" class=\"alignleft size-thumbnail wp-image-688\" src=\"https:\/\/www.eurotabaco.es\/blog\/wp-content\/uploads\/2018\/01\/bajamos-gastos-envio-150x150.jpg\" alt=\"Bajamos los gastos de env\u00edo\" width=\"150\" height=\"150\" srcset=\"https:\/\/www.eurotabaco.es\/blog\/wp-content\/uploads\/2018\/01\/bajamos-gastos-envio-150x150.jpg 150w, https:\/\/www.eurotabaco.es\/blog\/wp-content\/uploads\/2018\/01\/bajamos-gastos-envio-350x350.jpg 350w, https:\/\/www.eurotabaco.es\/blog\/wp-content\/uploads\/2018\/01\/bajamos-gastos-envio-200x200.jpg 200w, https:\/\/www.eurotabaco.es\/blog\/wp-content\/uploads\/2018\/01\/bajamos-gastos-envio.jpg 500w\" sizes=\"(max-width: 150px) 100vw, 150px\" \/><\/a>Queremos dar la bienvenida al 2018 con una reducci\u00f3n en nuestra tarifas de env\u00edos nacionales (pen\u00ednsula).<\/p>\n<p style=\"text-align: justify;\">A partir de ahora tus pedidos con <strong>entrega en 24 horas<\/strong> te costar\u00e1n <strong>5,50 Euros<\/strong> y los pedidos con<strong> entrega en 48-72<\/strong> horas costar\u00e1n <strong>4,50 Euros<\/strong>.<\/p>\n<p style=\"text-align: justify;\">Adem\u00e1s recuerda que puedes recoger tus pedidos sin coste alguno en nuestras tiendas de Benidorm:<\/p>\n<p style=\"text-align: center;\"><strong> Eurotabaco, Av. Juan Fuster Zaragoza y Eurotabaco, Av. Mediterr\u00e1neo 58<\/strong><\/p>\n<p style=\"text-align: justify;\">Adem\u00e1s estamos preparando un a\u00f1o lleno de promociones y novedades que seguro te van a encantar.<\/p>\n<p style=\"text-align: justify;\">\u00a1Hasta pronto!<\/p>\n","protected":false},"excerpt":{"rendered":"<p>Queremos dar la bienvenida al 2018 con una reducci\u00f3n en nuestra tarifas de env\u00edos nacionales (pen\u00ednsula). A partir de ahora tus pedidos con entrega en 24 horas te costar\u00e1n 5,50 Euros y los pedidos con entrega en 48-72 horas costar\u00e1n 4,50 Euros. Adem\u00e1s recuerda que puedes recoger tus pedidos sin coste alguno en nuestras tiendas de Benidorm: Eurotabaco, Av. Juan Fuster Zaragoza y Eurotabaco, Av. Mediterr\u00e1neo 58 Adem\u00e1s estamos preparando un a\u00f1o<span class=\"continue\"> &hellip; <a href=\"https:\/\/www.eurotabaco.es\/blog\/2018\/eurotabaco\/en-2018-bajamos-nuestros-precios-de-envio\/\">Continuar leyendo <span class=\"meta-nav\">&rarr;<\/span><\/a><\/span><\/p>\n","protected":false},"author":1,"featured_media":688,"comment_status":"closed","ping_status":"open","sticky":false,"template":"","format":"standard","meta":[],"categories":[5],"tags":[],"yoast_head":"<!-- This site is optimized with the Yoast SEO plugin v14.9 - https:\/\/yoast.com\/wordpress\/plugins\/seo\/ -->\n<meta name=\"robots\" content=\"index, follow, max-snippet:-1, max-image-preview:large, max-video-preview:-1\" \/>\n<link rel=\"canonical\" href=\"https:\/\/www.eurotabaco.es\/blog\/2018\/eurotabaco\/en-2018-bajamos-nuestros-precios-de-envio\/\" \/>\n<meta property=\"og:locale\" content=\"es_ES\" \/>\n<meta property=\"og:type\" content=\"article\" \/>\n<meta property=\"og:title\" content=\"\u00a1En 2018 bajamos nuestros precios de env\u00edo! - Eurotabaco Blog\" \/>\n<meta property=\"og:description\" content=\"Queremos dar la bienvenida al 2018 con una reducci\u00f3n en nuestra tarifas de env\u00edos nacionales (pen\u00ednsula). A partir de ahora tus pedidos con entrega en 24 horas te costar\u00e1n 5,50 Euros y los pedidos con entrega en 48-72 horas costar\u00e1n 4,50 Euros. Adem\u00e1s recuerda que puedes recoger tus pedidos sin coste alguno en nuestras tiendas de Benidorm: Eurotabaco, Av. Juan Fuster Zaragoza y Eurotabaco, Av. Mediterr\u00e1neo 58 Adem\u00e1s estamos preparando un a\u00f1o &hellip; Continuar leyendo &rarr;\" \/>\n<meta property=\"og:url\" content=\"https:\/\/www.eurotabaco.es\/blog\/2018\/eurotabaco\/en-2018-bajamos-nuestros-precios-de-envio\/\" \/>\n<meta property=\"og:site_name\" content=\"Eurotabaco Blog\" \/>\n<meta property=\"article:published_time\" content=\"2018-01-05T09:00:40+00:00\" \/>\n<meta property=\"article:modified_time\" content=\"2018-09-07T14:09:32+00:00\" \/>\n<meta property=\"og:image\" content=\"https:\/\/www.eurotabaco.es\/blog\/wp-content\/uploads\/2018\/01\/bajamos-gastos-envio.jpg\" \/>\n\t<meta property=\"og:image:width\" content=\"500\" \/>\n\t<meta property=\"og:image:height\" content=\"500\" \/>\n<meta name=\"twitter:card\" content=\"summary_large_image\" \/>\n<script type=\"application\/ld+json\" class=\"yoast-schema-graph\">{\"@context\":\"https:\/\/schema.org\",\"@graph\":[{\"@type\":\"WebSite\",\"@id\":\"https:\/\/www.eurotabaco.es\/blog\/#website\",\"url\":\"https:\/\/www.eurotabaco.es\/blog\/\",\"name\":\"Eurotabaco Blog\",\"description\":\"Productos nuevos, consejos y curiosidades en Eurotabaco.es\",\"potentialAction\":[{\"@type\":\"SearchAction\",\"target\":\"https:\/\/www.eurotabaco.es\/blog\/?s={search_term_string}\",\"query-input\":\"required name=search_term_string\"}],\"inLanguage\":\"es\"},{\"@type\":\"ImageObject\",\"@id\":\"https:\/\/www.eurotabaco.es\/blog\/2018\/eurotabaco\/en-2018-bajamos-nuestros-precios-de-envio\/#primaryimage\",\"inLanguage\":\"es\",\"url\":\"https:\/\/www.eurotabaco.es\/blog\/wp-content\/uploads\/2018\/01\/bajamos-gastos-envio.jpg\",\"width\":500,\"height\":500,\"caption\":\"Bajamos los gastos de env\\u00edo\"},{\"@type\":\"WebPage\",\"@id\":\"https:\/\/www.eurotabaco.es\/blog\/2018\/eurotabaco\/en-2018-bajamos-nuestros-precios-de-envio\/#webpage\",\"url\":\"https:\/\/www.eurotabaco.es\/blog\/2018\/eurotabaco\/en-2018-bajamos-nuestros-precios-de-envio\/\",\"name\":\"\\u00a1En 2018 bajamos nuestros precios de env\\u00edo! - Eurotabaco Blog\",\"isPartOf\":{\"@id\":\"https:\/\/www.eurotabaco.es\/blog\/#website\"},\"primaryImageOfPage\":{\"@id\":\"https:\/\/www.eurotabaco.es\/blog\/2018\/eurotabaco\/en-2018-bajamos-nuestros-precios-de-envio\/#primaryimage\"},\"datePublished\":\"2018-01-05T09:00:40+00:00\",\"dateModified\":\"2018-09-07T14:09:32+00:00\",\"author\":{\"@id\":\"https:\/\/www.eurotabaco.es\/blog\/#\/schema\/person\/cbd9e6cf4b519b289dcc2c5b4af027fd\"},\"inLanguage\":\"es\",\"potentialAction\":[{\"@type\":\"ReadAction\",\"target\":[\"https:\/\/www.eurotabaco.es\/blog\/2018\/eurotabaco\/en-2018-bajamos-nuestros-precios-de-envio\/\"]}]},{\"@type\":\"Person\",\"@id\":\"https:\/\/www.eurotabaco.es\/blog\/#\/schema\/person\/cbd9e6cf4b519b289dcc2c5b4af027fd\",\"name\":\"Marina - Eurotabaco Team\",\"image\":{\"@type\":\"ImageObject\",\"@id\":\"https:\/\/www.eurotabaco.es\/blog\/#personlogo\",\"inLanguage\":\"es\",\"url\":\"https:\/\/secure.gravatar.com\/avatar\/e194e205a8be91ee62dea2236c25ea47?s=96&d=mm&r=g\",\"caption\":\"Marina - Eurotabaco Team\"}}]}<\/script>\n<!-- \/ Yoast SEO plugin. -->","_links":{"self":[{"href":"https:\/\/www.eurotabaco.es\/blog\/wp-json\/wp\/v2\/posts\/685"}],"collection":[{"href":"https:\/\/www.eurotabaco.es\/blog\/wp-json\/wp\/v2\/posts"}],"about":[{"href":"https:\/\/www.eurotabaco.es\/blog\/wp-json\/wp\/v2\/types\/post"}],"author":[{"embeddable":true,"href":"https:\/\/www.eurotabaco.es\/blog\/wp-json\/wp\/v2\/users\/1"}],"replies":[{"embeddable":true,"href":"https:\/\/www.eurotabaco.es\/blog\/wp-json\/wp\/v2\/comments?post=685"}],"version-history":[{"count":7,"href":"https:\/\/www.eurotabaco.es\/blog\/wp-json\/wp\/v2\/posts\/685\/revisions"}],"predecessor-version":[{"id":697,"href":"https:\/\/www.eurotabaco.es\/blog\/wp-json\/wp\/v2\/posts\/685\/revisions\/697"}],"wp:featuredmedia":[{"embeddable":true,"href":"https:\/\/www.eurotabaco.es\/blog\/wp-json\/wp\/v2\/media\/688"}],"wp:attachment":[{"href":"https:\/\/www.eurotabaco.es\/blog\/wp-json\/wp\/v2\/media?parent=685"}],"wp:term":[{"taxonomy":"category","embeddable":true,"href":"https:\/\/www.eurotabaco.es\/blog\/wp-json\/wp\/v2\/categories?post=685"},{"taxonomy":"post_tag","embeddable":true,"href":"https:\/\/www.eurotabaco.es\/blog\/wp-json\/wp\/v2\/tags?post=685"}],"curies":[{"name":"wp","href":"https:\/\/api.w.org\/{rel}","templated":true}]}}