{"id":883,"date":"2018-12-24T12:33:30","date_gmt":"2018-12-24T11:33:30","guid":{"rendered":"https:\/\/www.eurotabaco.es\/blog\/?p=883"},"modified":"2018-12-24T12:36:35","modified_gmt":"2018-12-24T11:36:35","slug":"feliz-navidad","status":"publish","type":"post","link":"https:\/\/www.eurotabaco.es\/blog\/2018\/eurotabaco\/feliz-navidad\/","title":{"rendered":"\u00a1Feliz Navidad!"},"content":{"rendered":"<p style=\"text-align: left;\"><img loading=\"lazy\" class=\"size-large wp-image-888\" src=\"https:\/\/www.eurotabaco.es\/blog\/wp-content\/uploads\/2018\/12\/Banner-Navidad-Eurotabaco-2018-ESP2-1024x355.jpg\" alt=\"Banner-Navidad-Eurotabaco-2018-ESP\" width=\"800\" height=\"277\" \/><\/p>\n<p style=\"text-align: left;\">De parte de todo el equipo de Eurotabaco os deseamos una <strong>\u00a1Feliz Navidad y un estupendo a\u00f1o nuevo!<\/strong><\/p>\n<p>Nosotros seguiremos un a\u00f1o m\u00e1s ofreciendo la m\u00e1s amplia gama de art\u00edculos para el fumador.<\/p>\n<p>\u00a1Gracias por haber confiado en nosotros!<\/p>\n<p>Aprovechamos para recordaros los horarios de estos festivos<\/p>\n<p style=\"text-align: left;\"><a href=\"https:\/\/www.eurotabaco.es\/blog\/wp-content\/uploads\/2018\/12\/horario-navidad-eurotabaco1.jpg\"><img loading=\"lazy\" class=\" size-large wp-image-884 alignleft\" src=\"https:\/\/www.eurotabaco.es\/blog\/wp-content\/uploads\/2018\/12\/horario-navidad-eurotabaco1-1024x90.jpg\" alt=\"Horario Eurotabaco Navidad\" width=\"800\" height=\"70\" srcset=\"https:\/\/www.eurotabaco.es\/blog\/wp-content\/uploads\/2018\/12\/horario-navidad-eurotabaco1-1024x90.jpg 1024w, https:\/\/www.eurotabaco.es\/blog\/wp-content\/uploads\/2018\/12\/horario-navidad-eurotabaco1-350x31.jpg 350w, https:\/\/www.eurotabaco.es\/blog\/wp-content\/uploads\/2018\/12\/horario-navidad-eurotabaco1.jpg 1450w\" sizes=\"(max-width: 800px) 100vw, 800px\" \/><\/a><\/p>\n","protected":false},"excerpt":{"rendered":"<p>De parte de todo el equipo de Eurotabaco os deseamos una \u00a1Feliz Navidad y un estupendo a\u00f1o nuevo! Nosotros seguiremos un a\u00f1o m\u00e1s ofreciendo la m\u00e1s amplia gama de art\u00edculos para el fumador. \u00a1Gracias por haber confiado en nosotros! Aprovechamos para recordaros los horarios de estos festivos<\/p>\n","protected":false},"author":1,"featured_media":886,"comment_status":"closed","ping_status":"closed","sticky":false,"template":"","format":"standard","meta":[],"categories":[5],"tags":[],"yoast_head":"<!-- This site is optimized with the Yoast SEO plugin v14.9 - https:\/\/yoast.com\/wordpress\/plugins\/seo\/ -->\n<meta name=\"robots\" content=\"index, follow, max-snippet:-1, max-image-preview:large, max-video-preview:-1\" \/>\n<link rel=\"canonical\" href=\"https:\/\/www.eurotabaco.es\/blog\/2018\/eurotabaco\/feliz-navidad\/\" \/>\n<meta property=\"og:locale\" content=\"es_ES\" \/>\n<meta property=\"og:type\" content=\"article\" \/>\n<meta property=\"og:title\" content=\"\u00a1Feliz Navidad! - Eurotabaco Blog\" \/>\n<meta property=\"og:description\" content=\"De parte de todo el equipo de Eurotabaco os deseamos una \u00a1Feliz Navidad y un estupendo a\u00f1o nuevo! Nosotros seguiremos un a\u00f1o m\u00e1s ofreciendo la m\u00e1s amplia gama de art\u00edculos para el fumador. \u00a1Gracias por haber confiado en nosotros! Aprovechamos para recordaros los horarios de estos festivos\" \/>\n<meta property=\"og:url\" content=\"https:\/\/www.eurotabaco.es\/blog\/2018\/eurotabaco\/feliz-navidad\/\" \/>\n<meta property=\"og:site_name\" content=\"Eurotabaco Blog\" \/>\n<meta property=\"article:published_time\" content=\"2018-12-24T11:33:30+00:00\" \/>\n<meta property=\"article:modified_time\" content=\"2018-12-24T11:36:35+00:00\" \/>\n<meta property=\"og:image\" content=\"https:\/\/www.eurotabaco.es\/blog\/wp-content\/uploads\/2018\/12\/Foto-portada-Navidad-ESP.jpg\" \/>\n\t<meta property=\"og:image:width\" content=\"500\" \/>\n\t<meta property=\"og:image:height\" content=\"500\" \/>\n<meta name=\"twitter:card\" content=\"summary_large_image\" \/>\n<script type=\"application\/ld+json\" class=\"yoast-schema-graph\">{\"@context\":\"https:\/\/schema.org\",\"@graph\":[{\"@type\":\"WebSite\",\"@id\":\"https:\/\/www.eurotabaco.es\/blog\/#website\",\"url\":\"https:\/\/www.eurotabaco.es\/blog\/\",\"name\":\"Eurotabaco Blog\",\"description\":\"Productos nuevos, consejos y curiosidades en Eurotabaco.es\",\"potentialAction\":[{\"@type\":\"SearchAction\",\"target\":\"https:\/\/www.eurotabaco.es\/blog\/?s={search_term_string}\",\"query-input\":\"required name=search_term_string\"}],\"inLanguage\":\"es\"},{\"@type\":\"ImageObject\",\"@id\":\"https:\/\/www.eurotabaco.es\/blog\/2018\/eurotabaco\/feliz-navidad\/#primaryimage\",\"inLanguage\":\"es\",\"url\":\"https:\/\/www.eurotabaco.es\/blog\/wp-content\/uploads\/2018\/12\/Foto-portada-Navidad-ESP.jpg\",\"width\":500,\"height\":500},{\"@type\":\"WebPage\",\"@id\":\"https:\/\/www.eurotabaco.es\/blog\/2018\/eurotabaco\/feliz-navidad\/#webpage\",\"url\":\"https:\/\/www.eurotabaco.es\/blog\/2018\/eurotabaco\/feliz-navidad\/\",\"name\":\"\\u00a1Feliz Navidad! - Eurotabaco Blog\",\"isPartOf\":{\"@id\":\"https:\/\/www.eurotabaco.es\/blog\/#website\"},\"primaryImageOfPage\":{\"@id\":\"https:\/\/www.eurotabaco.es\/blog\/2018\/eurotabaco\/feliz-navidad\/#primaryimage\"},\"datePublished\":\"2018-12-24T11:33:30+00:00\",\"dateModified\":\"2018-12-24T11:36:35+00:00\",\"author\":{\"@id\":\"https:\/\/www.eurotabaco.es\/blog\/#\/schema\/person\/cbd9e6cf4b519b289dcc2c5b4af027fd\"},\"inLanguage\":\"es\",\"potentialAction\":[{\"@type\":\"ReadAction\",\"target\":[\"https:\/\/www.eurotabaco.es\/blog\/2018\/eurotabaco\/feliz-navidad\/\"]}]},{\"@type\":\"Person\",\"@id\":\"https:\/\/www.eurotabaco.es\/blog\/#\/schema\/person\/cbd9e6cf4b519b289dcc2c5b4af027fd\",\"name\":\"Marina - Eurotabaco Team\",\"image\":{\"@type\":\"ImageObject\",\"@id\":\"https:\/\/www.eurotabaco.es\/blog\/#personlogo\",\"inLanguage\":\"es\",\"url\":\"https:\/\/secure.gravatar.com\/avatar\/e194e205a8be91ee62dea2236c25ea47?s=96&d=mm&r=g\",\"caption\":\"Marina - Eurotabaco Team\"}}]}<\/script>\n<!-- \/ Yoast SEO plugin. -->","_links":{"self":[{"href":"https:\/\/www.eurotabaco.es\/blog\/wp-json\/wp\/v2\/posts\/883"}],"collection":[{"href":"https:\/\/www.eurotabaco.es\/blog\/wp-json\/wp\/v2\/posts"}],"about":[{"href":"https:\/\/www.eurotabaco.es\/blog\/wp-json\/wp\/v2\/types\/post"}],"author":[{"embeddable":true,"href":"https:\/\/www.eurotabaco.es\/blog\/wp-json\/wp\/v2\/users\/1"}],"replies":[{"embeddable":true,"href":"https:\/\/www.eurotabaco.es\/blog\/wp-json\/wp\/v2\/comments?post=883"}],"version-history":[{"count":4,"href":"https:\/\/www.eurotabaco.es\/blog\/wp-json\/wp\/v2\/posts\/883\/revisions"}],"predecessor-version":[{"id":891,"href":"https:\/\/www.eurotabaco.es\/blog\/wp-json\/wp\/v2\/posts\/883\/revisions\/891"}],"wp:featuredmedia":[{"embeddable":true,"href":"https:\/\/www.eurotabaco.es\/blog\/wp-json\/wp\/v2\/media\/886"}],"wp:attachment":[{"href":"https:\/\/www.eurotabaco.es\/blog\/wp-json\/wp\/v2\/media?parent=883"}],"wp:term":[{"taxonomy":"category","embeddable":true,"href":"https:\/\/www.eurotabaco.es\/blog\/wp-json\/wp\/v2\/categories?post=883"},{"taxonomy":"post_tag","embeddable":true,"href":"https:\/\/www.eurotabaco.es\/blog\/wp-json\/wp\/v2\/tags?post=883"}],"curies":[{"name":"wp","href":"https:\/\/api.w.org\/{rel}","templated":true}]}}