{"id":99,"date":"2015-03-06T16:35:05","date_gmt":"2015-03-06T15:35:05","guid":{"rendered":"https:\/\/www.eurotabaco.es\/blog\/?p=99"},"modified":"2020-01-03T17:13:05","modified_gmt":"2020-01-03T16:13:05","slug":"promocion-dia-del-padre","status":"publish","type":"post","link":"https:\/\/www.eurotabaco.es\/blog\/2015\/promociones\/promocion-dia-del-padre\/","title":{"rendered":"Promoci\u00f3n: D\u00eda del Padre"},"content":{"rendered":"<div id=\"attachment_100\" style=\"width: 360px\" class=\"wp-caption alignleft\"><a href=\"https:\/\/www.eurotabaco.es\/blog\/wp-content\/uploads\/2015\/03\/Envio-gratis-dia-del-padre.jpg\" target=\"_blank\" rel=\"noopener noreferrer\"><img aria-describedby=\"caption-attachment-100\" loading=\"lazy\" class=\"wp-image-100 size-medium\" src=\"https:\/\/www.eurotabaco.es\/blog\/wp-content\/uploads\/2015\/03\/Envio-gratis-dia-del-padre-350x121.jpg\" alt=\"Promoci\u00f3n: D\u00eda del padre env\u00edo gratis\" width=\"350\" height=\"121\" srcset=\"https:\/\/www.eurotabaco.es\/blog\/wp-content\/uploads\/2015\/03\/Envio-gratis-dia-del-padre-350x121.jpg 350w, https:\/\/www.eurotabaco.es\/blog\/wp-content\/uploads\/2015\/03\/Envio-gratis-dia-del-padre-1024x355.jpg 1024w, https:\/\/www.eurotabaco.es\/blog\/wp-content\/uploads\/2015\/03\/Envio-gratis-dia-del-padre.jpg 1689w\" sizes=\"(max-width: 350px) 100vw, 350px\" \/><\/a><p id=\"caption-attachment-100\" class=\"wp-caption-text\">Promoci\u00f3n: D\u00eda del padre env\u00edo gratis<\/p><\/div>\n<p style=\"text-align: justify;\">El 19 de marzo celebramos el <strong>D\u00eda del Padre<\/strong>. Esta tradici\u00f3n ya se practicaba en muchos pa\u00edses antes de que, en la d\u00e9cada de los 50, Manuela Vicente Velasco, una maestra de escuela, comenzase su campa\u00f1a para homenajear a los padres y establecer este d\u00eda como el D\u00eda del Padre.<\/p>\n<p style=\"text-align: justify;\">No dejes pasar la oportunidad de <strong>celebrar este d\u00eda en familia<\/strong> y, siguiendo la tradici\u00f3n, hacerle un regalito para que se acuerde de su maravillos@ hij@.<\/p>\n<p style=\"text-align: justify;\"><strong>Tenemos los mejores regalos para los mejores padres del mundo.<\/strong><\/p>\n<p style=\"text-align: justify;\">Adem\u00e1s, hasta el d\u00eda 22 de marzo podr\u00e1s beneficiarte de nuestra promoci\u00f3n \u201c<strong>El D\u00eda del Padre, env\u00edo gratis<\/strong>\u201d*. Introduce el c\u00f3digo \u201c<strong>PAPA2015<\/strong>\u201d cuando confirmes tu pedido y los gastos de env\u00edo te saldr\u00e1n gratis.<\/p>\n<p style=\"text-align: right; font-size: 10px;\">* Env\u00edo nacional est\u00e1ndar gratis para pedidos superiores a 30\u20ac.<\/p>\n","protected":false},"excerpt":{"rendered":"<p>El 19 de marzo celebramos el D\u00eda del Padre. Esta tradici\u00f3n ya se practicaba en muchos pa\u00edses antes de que, en la d\u00e9cada de los 50, Manuela Vicente Velasco, una maestra de escuela, comenzase su campa\u00f1a para homenajear a los padres y establecer este d\u00eda como el D\u00eda del Padre. No dejes pasar la oportunidad de celebrar este d\u00eda en familia y, siguiendo la tradici\u00f3n, hacerle un regalito para que se acuerde<span class=\"continue\"> &hellip; <a href=\"https:\/\/www.eurotabaco.es\/blog\/2015\/promociones\/promocion-dia-del-padre\/\">Continuar leyendo <span class=\"meta-nav\">&rarr;<\/span><\/a><\/span><\/p>\n","protected":false},"author":1,"featured_media":100,"comment_status":"open","ping_status":"open","sticky":false,"template":"","format":"standard","meta":[],"categories":[9],"tags":[],"yoast_head":"<!-- This site is optimized with the Yoast SEO plugin v14.9 - https:\/\/yoast.com\/wordpress\/plugins\/seo\/ -->\n<meta name=\"robots\" content=\"index, follow, max-snippet:-1, max-image-preview:large, max-video-preview:-1\" \/>\n<link rel=\"canonical\" href=\"https:\/\/www.eurotabaco.es\/blog\/2015\/promociones\/promocion-dia-del-padre\/\" \/>\n<meta property=\"og:locale\" content=\"es_ES\" \/>\n<meta property=\"og:type\" content=\"article\" \/>\n<meta property=\"og:title\" content=\"Promoci\u00f3n: D\u00eda del Padre - Eurotabaco Blog\" \/>\n<meta property=\"og:description\" content=\"El 19 de marzo celebramos el D\u00eda del Padre. Esta tradici\u00f3n ya se practicaba en muchos pa\u00edses antes de que, en la d\u00e9cada de los 50, Manuela Vicente Velasco, una maestra de escuela, comenzase su campa\u00f1a para homenajear a los padres y establecer este d\u00eda como el D\u00eda del Padre. No dejes pasar la oportunidad de celebrar este d\u00eda en familia y, siguiendo la tradici\u00f3n, hacerle un regalito para que se acuerde &hellip; Continuar leyendo &rarr;\" \/>\n<meta property=\"og:url\" content=\"https:\/\/www.eurotabaco.es\/blog\/2015\/promociones\/promocion-dia-del-padre\/\" \/>\n<meta property=\"og:site_name\" content=\"Eurotabaco Blog\" \/>\n<meta property=\"article:published_time\" content=\"2015-03-06T15:35:05+00:00\" \/>\n<meta property=\"article:modified_time\" content=\"2020-01-03T16:13:05+00:00\" \/>\n<meta property=\"og:image\" content=\"https:\/\/www.eurotabaco.es\/blog\/wp-content\/uploads\/2015\/03\/Envio-gratis-dia-del-padre-713x585.jpg\" \/>\n\t<meta property=\"og:image:width\" content=\"1689\" \/>\n\t<meta property=\"og:image:height\" content=\"585\" \/>\n<meta name=\"twitter:card\" content=\"summary_large_image\" \/>\n<script type=\"application\/ld+json\" class=\"yoast-schema-graph\">{\"@context\":\"https:\/\/schema.org\",\"@graph\":[{\"@type\":\"WebSite\",\"@id\":\"https:\/\/www.eurotabaco.es\/blog\/#website\",\"url\":\"https:\/\/www.eurotabaco.es\/blog\/\",\"name\":\"Eurotabaco Blog\",\"description\":\"Productos nuevos, consejos y curiosidades en Eurotabaco.es\",\"potentialAction\":[{\"@type\":\"SearchAction\",\"target\":\"https:\/\/www.eurotabaco.es\/blog\/?s={search_term_string}\",\"query-input\":\"required name=search_term_string\"}],\"inLanguage\":\"es\"},{\"@type\":\"ImageObject\",\"@id\":\"https:\/\/www.eurotabaco.es\/blog\/2015\/promociones\/promocion-dia-del-padre\/#primaryimage\",\"inLanguage\":\"es\",\"url\":\"https:\/\/www.eurotabaco.es\/blog\/wp-content\/uploads\/2015\/03\/Envio-gratis-dia-del-padre-713x585.jpg\",\"width\":1689,\"height\":585,\"caption\":\"Promoci\\u00f3n: D\\u00eda del padre env\\u00edo gratis\"},{\"@type\":\"WebPage\",\"@id\":\"https:\/\/www.eurotabaco.es\/blog\/2015\/promociones\/promocion-dia-del-padre\/#webpage\",\"url\":\"https:\/\/www.eurotabaco.es\/blog\/2015\/promociones\/promocion-dia-del-padre\/\",\"name\":\"Promoci\\u00f3n: D\\u00eda del Padre - Eurotabaco Blog\",\"isPartOf\":{\"@id\":\"https:\/\/www.eurotabaco.es\/blog\/#website\"},\"primaryImageOfPage\":{\"@id\":\"https:\/\/www.eurotabaco.es\/blog\/2015\/promociones\/promocion-dia-del-padre\/#primaryimage\"},\"datePublished\":\"2015-03-06T15:35:05+00:00\",\"dateModified\":\"2020-01-03T16:13:05+00:00\",\"author\":{\"@id\":\"https:\/\/www.eurotabaco.es\/blog\/#\/schema\/person\/cbd9e6cf4b519b289dcc2c5b4af027fd\"},\"inLanguage\":\"es\",\"potentialAction\":[{\"@type\":\"ReadAction\",\"target\":[\"https:\/\/www.eurotabaco.es\/blog\/2015\/promociones\/promocion-dia-del-padre\/\"]}]},{\"@type\":\"Person\",\"@id\":\"https:\/\/www.eurotabaco.es\/blog\/#\/schema\/person\/cbd9e6cf4b519b289dcc2c5b4af027fd\",\"name\":\"Marina - Eurotabaco Team\",\"image\":{\"@type\":\"ImageObject\",\"@id\":\"https:\/\/www.eurotabaco.es\/blog\/#personlogo\",\"inLanguage\":\"es\",\"url\":\"https:\/\/secure.gravatar.com\/avatar\/e194e205a8be91ee62dea2236c25ea47?s=96&d=mm&r=g\",\"caption\":\"Marina - Eurotabaco Team\"}}]}<\/script>\n<!-- \/ Yoast SEO plugin. -->","_links":{"self":[{"href":"https:\/\/www.eurotabaco.es\/blog\/wp-json\/wp\/v2\/posts\/99"}],"collection":[{"href":"https:\/\/www.eurotabaco.es\/blog\/wp-json\/wp\/v2\/posts"}],"about":[{"href":"https:\/\/www.eurotabaco.es\/blog\/wp-json\/wp\/v2\/types\/post"}],"author":[{"embeddable":true,"href":"https:\/\/www.eurotabaco.es\/blog\/wp-json\/wp\/v2\/users\/1"}],"replies":[{"embeddable":true,"href":"https:\/\/www.eurotabaco.es\/blog\/wp-json\/wp\/v2\/comments?post=99"}],"version-history":[{"count":5,"href":"https:\/\/www.eurotabaco.es\/blog\/wp-json\/wp\/v2\/posts\/99\/revisions"}],"predecessor-version":[{"id":1074,"href":"https:\/\/www.eurotabaco.es\/blog\/wp-json\/wp\/v2\/posts\/99\/revisions\/1074"}],"wp:featuredmedia":[{"embeddable":true,"href":"https:\/\/www.eurotabaco.es\/blog\/wp-json\/wp\/v2\/media\/100"}],"wp:attachment":[{"href":"https:\/\/www.eurotabaco.es\/blog\/wp-json\/wp\/v2\/media?parent=99"}],"wp:term":[{"taxonomy":"category","embeddable":true,"href":"https:\/\/www.eurotabaco.es\/blog\/wp-json\/wp\/v2\/categories?post=99"},{"taxonomy":"post_tag","embeddable":true,"href":"https:\/\/www.eurotabaco.es\/blog\/wp-json\/wp\/v2\/tags?post=99"}],"curies":[{"name":"wp","href":"https:\/\/api.w.org\/{rel}","templated":true}]}}